[{"@context":"https:\/\/schema.org\/","@type":"Article","@id":"https:\/\/www.honan.cz\/krasne-bydleni\/#Article","mainEntityOfPage":"https:\/\/www.honan.cz\/krasne-bydleni\/","headline":"Kr\u00e1sn\u00e9 bydlen\u00ed","name":"Kr\u00e1sn\u00e9 bydlen\u00ed","description":"Pamatuji si, kdy\u017e jsme se p\u0159est\u011bhovali z nov\u00e9ho bytu do velk\u00e9ho domu. A byla jsem z toho \u00fapln\u011b nad\u0161en\u00e1. A nav\u00edc, jak jsem byla zvykl\u00e1 &hellip; ","datePublished":"2021-12-28","dateModified":"2023-05-15","author":{"@type":"Person","@id":"https:\/\/www.honan.cz\/author\/#Person","name":"","url":"https:\/\/www.honan.cz\/author\/","identifier":1,"image":{"@type":"ImageObject","@id":"https:\/\/secure.gravatar.com\/avatar\/087c2e57f451bc02fa8017914855d7c40cf6c7d5dc1637b868e007adc26322d1?s=96&d=mm&r=g","url":"https:\/\/secure.gravatar.com\/avatar\/087c2e57f451bc02fa8017914855d7c40cf6c7d5dc1637b868e007adc26322d1?s=96&d=mm&r=g","height":96,"width":96}},"publisher":{"@type":"Organization","name":"honan.cz","logo":{"@type":"ImageObject","@id":"\/logo.png","url":"\/logo.png","width":600,"height":60}},"image":{"@type":"ImageObject","@id":"https:\/\/www.honan.cz\/wp-content\/uploads\/chairs-g9f13ba028_640_3.jpg","url":"https:\/\/www.honan.cz\/wp-content\/uploads\/chairs-g9f13ba028_640_3.jpg","height":0,"width":0},"url":"https:\/\/www.honan.cz\/krasne-bydleni\/","about":["Byt a d\u016fm"],"wordCount":431,"articleBody":"Pamatuji si, kdy\u017e jsme se p\u0159est\u011bhovali z nov\u00e9ho bytu do velk\u00e9ho domu. A byla jsem z toho \u00fapln\u011b nad\u0161en\u00e1. A nav\u00edc, jak jsem byla zvykl\u00e1 na mal\u00e9 m\u00edstnosti, tak to v tomhle dom\u011b byly opravdu velik\u00e9 m\u00edstnosti. N\u011bkdy jsem si \u0159\u00edkala, \u017ee to tady vypad\u00e1 jako na z\u00e1mku a nebo na hradu. Bylo to tam opravdu moc velik\u00e9, \u017ee jsme nev\u011bd\u011bla kam s o\u010dima. Ten d\u016fm byl opravdu v\u00e1\u017en\u011b velik\u00fd. N\u00e1\u0161 p\u0159edchoz\u00ed byt m\u011bl pouze t\u0159i m\u00edstnosti a to je\u0161t\u011b k tomu velmi mal\u00e9 kom\u016frky, \u010dili m\u00edstnosti a tento to m\u011bl\u00a0 \u0161est m\u00edstnost\u00ed a to opravdu velk\u00fdch. Tak\u017ee jsem si taky mohla vybrat, jak\u00fd vlastn\u00ed pokoj budu m\u00edt. Na\u0161t\u011bst\u00ed se mi poda\u0159ilo z\u00edskat ten lep\u0161\u00ed pokoj. Tedy alespo\u0148 podle m\u011b. Moc se mi l\u00edbil ten pokoj u okna. Byl tam i velk\u00fd balkon a kr\u00e1sn\u00fd v\u00fdhled na velkou zahradu.\u00a0To m\u011b taky velmi t\u011b\u0161ilo, \u017ee k na\u0161emu velk\u00e9mu domu byla i zahrada. Nav\u00edc na zahrad\u011b byl baz\u00e9n a opravdu kr\u00e1sn\u00e1 font\u00e1na. Tady jsem se vid\u011bla skoro jako princezna z poh\u00e1dky. Takov\u00e9 kr\u00e1sn\u00e9 font\u00e1ny tam m\u011bli i princezny. Byl to opravdu velk\u00fd skvost. Zahrady m\u00e1m opravdu moc r\u00e1da. A tak jsem si \u0159ekla, \u017ee tu font\u00e1nu n\u011bjak zkr\u00e1\u0161l\u00edm a o\u017eiv\u00edm.A hned jsem si p\u0159edstavovala, jak zn\u00ed to te\u010de voda. Font\u00e1na na zahrad\u011b bohu\u017eel ale byla rozbit\u00e1, tak\u017ee slou\u017eila pouze pr\u00fd jako dekorace. Byla to velk\u00e1 \u0161koda.\u00a0 Ale co se d\u00e1 d\u011blat, musela jsem se s t\u00edm, sm\u00ed\u0159it. Byla jsem nad\u0161en\u00e1 z toho, \u017ee m\u00e1m kone\u010dn\u011b vlastn\u00ed pokoj a taky velkou zahradu, kde budu se sv\u00fdmi kamar\u00e1dkami a sestrou po\u0159\u00e1dat velk\u00e9 zahradn\u00ed p\u00e1rty. To byl v\u017edycky m\u016fj sen. A nyn\u00ed jsem velmi r\u00e1da, \u017ee tohle si m\u016f\u017eu splnit. Moc se mi l\u00edb\u00ed, kdy\u017e si m\u016f\u017eu u\u017e\u00edvat, a to hlavn\u011b v l\u00e9t\u011b. Tak\u017ee velk\u00fd d\u016fm se zahradou je opravdu pecka. A \u010demu byste dali p\u0159ednost vy? Velk\u00e9mu domu se zahradou nebo jen mal\u00e9mu bytu s balkonem? Mysl\u00edm, \u017ee ka\u017ed\u00fd m\u00e1 sv\u00e9 vytou\u017een\u00e9 p\u0159edstavy o \u017eivot\u011b a v \u010dem bude \u017e\u00edt. Mysl\u00edm, \u017ee je prima, kdy\u017e si \u010dlov\u011bk m\u016f\u017ee vybrat podle libosti.                                                                                                                                                                                                                                                                                                                                                                                        4.2\/5 - (9 votes)        "},{"@context":"https:\/\/schema.org\/","@type":"BreadcrumbList","itemListElement":[{"@type":"ListItem","position":1,"name":"Kr\u00e1sn\u00e9 bydlen\u00ed","item":"https:\/\/www.honan.cz\/krasne-bydleni\/#breadcrumbitem"}]}]